{"id":23197,"date":"2026-08-21T10:28:49","date_gmt":"2026-08-21T08:28:49","guid":{"rendered":"https:\/\/www.rivieraedition.com\/?p=23197"},"modified":"2026-08-26T14:15:02","modified_gmt":"2026-08-26T12:15:02","slug":"interdiction-de-se-baigner-sur-certaines-plages-de-la-cote-dazur-apres-les-tempetes","status":"publish","type":"post","link":"https:\/\/www.rivieraedition.com\/fr\/swimming-at-some-beaches-on-the-french-riviera-prohibited-after-storms\/","title":{"rendered":"Baignade interdite sur certaines plages de la C\u00f4te d'Azur apr\u00e8s les temp\u00eates"},"content":{"rendered":"<p>\u00c0 la suite des orages de ces derni\u00e8res 24 heures qui ont mis fin \u00e0 la canicule intense et prolong\u00e9e, la baignade est interdite aujourd'hui, vendredi 21 ao\u00fbt 2026, jusqu'au samedi 22 ao\u00fbt \u00e0 08h00 sur toutes les plages d'Antibes et de Juan-les-Pins sur la C\u00f4te d'Azur. <strong>MISE \u00c0 JOUR 26 ao\u00fbt : L'interdiction pr\u00e9ventive de baignade sur les plages d'Antibes et de Juan-les-Pins, cons\u00e9cutive \u00e0 l'orage, a \u00e9t\u00e9 lev\u00e9e. Toutes les plages sont \u00e0 nouveau ouvertes !<\/strong><\/p>\n<p>\u201c Les r\u00e9sultats des tests effectu\u00e9s sur les plages du Ponton Courbet, de la Promenade du Soleil, du Square Gould, des Ondes, de la Garoupe (Est et Ouest), de la Salis, du Ponteil et de la Gravette confirment la bonne qualit\u00e9 des eaux de baignade \u201d, a confirm\u00e9 la mairie.<\/p>\n<p>\u00c0 Menton, la baignade est de nouveau autoris\u00e9e sur les plages d'Hawa\u00ef, des Sablettes et du Borrigo.<br \/>\n\ufffc<br \/>\n\u201c Cependant, elle reste interdite sur les plages de Care\u00ef et de Fossan dans l'attente des r\u00e9sultats de nouvelles analyses de la qualit\u00e9 de l'eau \u201d, a indiqu\u00e9 la mairie de Menton. <strong>MISE \u00c0 JOUR MER 26 AO\u00dbT :<\/strong> Les r\u00e9sultats sont tomb\u00e9s et toutes les plages de Menton sont autoris\u00e9es \u00e0 la baignade.<\/p>\n<p><strong>\u00c0 NE PAS MANQUER : Regardez <a href=\"https:\/\/www.instagram.com\/reel\/DccEk8YIqKo\/?igsi=eTl6ZnV6cTFwMmZn\">pluie et \u00e9clairs spectaculaires \u00e0 Antibes ici<\/a><\/strong><\/p>\n<p>***<\/p>\n<p>(La mise \u00e0 jour du 26 ao\u00fbt se trouve ci-dessus. Ci-dessous se trouve l'article d'actualit\u00e9 du 21 ao\u00fbt.)<\/p>\n<p>La mairie d'Antibes a annonc\u00e9 qu'\u00e0 la suite des temp\u00eates de la nuit derni\u00e8re, la baignade sur toutes ses plages c\u00f4ti\u00e8res est interdite par mesure de pr\u00e9caution afin de pr\u00e9server la sant\u00e9 et la s\u00e9curit\u00e9 des baigneurs.<\/p>\n<figure id=\"attachment_23214\" aria-describedby=\"caption-attachment-23214\" style=\"width: 696px\" class=\"wp-caption aligncenter\"><img data-dominant-color=\"7d8283\" data-has-transparency=\"false\" style=\"--dominant-color: #7d8283;\" loading=\"lazy\" decoding=\"async\" class=\"size-large wp-image-23214 not-transparent\" src=\"https:\/\/www.rivieraedition.com\/wp-content\/uploads\/2026\/08\/swimming-prohibited-beach-antibes-1024x768.jpg\" alt=\"Baignade interdite aujourd&#039;hui \u00e0 la plage de la Gravette \u00e0 Antibes\" width=\"696\" height=\"522\" \/><figcaption id=\"caption-attachment-23214\" class=\"wp-caption-text\">La plage de la Gravette \u00e0 Antibes a \u00e9t\u00e9 boucl\u00e9e aujourd'hui, vendredi 21 ao\u00fbt, pour interdire la baignade. Photo : Riviera Edition<\/figcaption><\/figure>\n<p>\u201c Les temp\u00eates ont probablement provoqu\u00e9 des glissements de terrain ainsi que la saturation des r\u00e9seaux d\u2019eaux pluviales et des cours d\u2019eau \u201d, a d\u00e9clar\u00e9 la mairie. \u201c Des analyses sont en cours pour confirmer la bonne qualit\u00e9 de l'ensemble des eaux de baignade. \u201d<\/p>\n<p>Il y a quelques semaines, la plage de La Gravette \u00e0 Antibes (en photo ci-dessus) a enregistr\u00e9 des niveaux d'E. coli sup\u00e9rieurs aux seuils acceptables, il est donc compr\u00e9hensible que les autorit\u00e9s fassent preuve de prudence cette fois-ci. Hier, apr\u00e8s l'interdiction initiale de baignade \u00e0 l'approche de la temp\u00eate, les baigneurs ont continu\u00e9 \u00e0 nager en faisant abstraction de l'interdiction. Aujourd'hui, la mer a \u00e9t\u00e9 boucl\u00e9e pour veiller \u00e0 ce que l'interdiction soit respect\u00e9e !<\/p>\n<h2>Le plus gros des pr\u00e9cipitations est pass\u00e9 sur la C\u00f4te d'Azur<\/h2>\n<p>Le service m\u00e9t\u00e9orologique de la C\u00f4te d'Azur a d\u00e9clar\u00e9 que le temps instable touche \u00e0 sa fin et que les pluies les plus intenses se sont \u00e9loign\u00e9es.<\/p>\n<p>Quelques rares averses pourraient persister, en particulier \u00e0 l'int\u00e9rieur des terres.<\/p>\n<p>L'alerte orange pour les orages, les fortes pluies et les inondations a expir\u00e9 \u00e0 10h00 vendredi, et l'alerte jaune est lev\u00e9e \u00e0 midi.<\/p>\n<h2>La temp\u00eate n'a pas \u00e9t\u00e9 aussi terrible que pr\u00e9vu<\/h2>\n<p>C\u00f4te d'Azur M\u00e9t\u00e9o a r\u00e9v\u00e9l\u00e9 que \u201c les pr\u00e9visions les plus pessimistes faisaient craindre un \u00e9v\u00e9nement bien plus grave, ce qui avait motiv\u00e9 les alertes initiales. Finalement, l'impact a \u00e9t\u00e9 moins grave que pr\u00e9vu, malgr\u00e9 des orages intenses localis\u00e9s ayant entra\u00een\u00e9 des ruissellements, des inondations isol\u00e9es et quelques d\u00e9g\u00e2ts. Le temps le plus violent est rest\u00e9 tr\u00e8s localis\u00e9. \u201d<\/p>\n<p>Les conditions devraient s'am\u00e9liorer rapidement aujourd'hui et les temp\u00e9ratures resteront estivales MAIS \u201c beaucoup plus confortables \u201d.<\/p>\n<h2>Totaux des pr\u00e9cipitations<\/h2>\n<p>La m\u00e9t\u00e9o a enregistr\u00e9 les totaux de pr\u00e9cipitations suivants au cours des derni\u00e8res 48 heures, avec des quantit\u00e9s bien plus importantes re\u00e7ues \u00e0 l'int\u00e9rieur des terres que sur la c\u00f4te :<\/p>\n<ul>\n<li>R\u00e9gion de #Levens (06) avec 133,7 mm de pluie<\/li>\n<li>#Tende\/#StDalmas (06) avec 122,1 mm<\/li>\n<li>#Gilette (06) avec 119,4 mm<\/li>\n<li>10 \u00e0 12 mm dans #Antibes (06)<\/li>\n<li>14 mm \u00e0 l&#x27;a\u00e9roport #Nice (06)<\/li>\n<li>28 mm \u00e0 l&#x27;a\u00e9roport # de Cannes-Mandelieu (06)<\/li>\n<li>Le long de la c\u00f4te varoise, les stations ont g\u00e9n\u00e9ralement enregistr\u00e9 entre 15 et 30 mm<\/li>\n<\/ul>","protected":false},"excerpt":{"rendered":"<p>Following the storms in the past 24 hours which have ended the intense and prolonged heatwave, swimming is prohibited today, Friday 21 August 2026, until 08:00 on Saturday 22 August [&hellip;]<\/p>\n","protected":false},"author":1,"featured_media":23201,"comment_status":"open","ping_status":"open","sticky":false,"template":"","format":"standard","meta":{"_acf_changed":false,"footnotes":""},"categories":[102,105],"tags":[65,916,756],"class_list":["post-23197","post","type-post","status-publish","format-standard","has-post-thumbnail","category-featured","category-french-riviera-news","tag-beaches","tag-rain","tag-storms"],"acf":[],"yoast_head":"<!-- This site is optimized with the Yoast SEO Premium plugin v28.2 (Yoast SEO v28.3) - https:\/\/yoast.com\/product\/yoast-seo-premium-wordpress\/ -->\n<title>Swimming at Some Beaches on the French Riviera Prohibited After Storms - Riviera Edition<\/title>\n<meta name=\"robots\" content=\"index, follow, max-snippet:-1, max-image-preview:large, max-video-preview:-1\" \/>\n<link rel=\"canonical\" href=\"https:\/\/www.rivieraedition.com\/fr\/interdiction-de-se-baigner-sur-certaines-plages-de-la-cote-dazur-apres-les-tempetes\/\" \/>\n<meta property=\"og:locale\" content=\"fr_FR\" \/>\n<meta property=\"og:type\" content=\"article\" \/>\n<meta property=\"og:title\" content=\"Swimming at Some Beaches on the French Riviera Prohibited After Storms\" \/>\n<meta property=\"og:description\" content=\"Following the storms in the past 24 hours which have ended the intense and prolonged heatwave, swimming is prohibited today, Friday 21 August 2026, until 08:00 on Saturday 22 August [&hellip;]\" \/>\n<meta property=\"og:url\" content=\"https:\/\/www.rivieraedition.com\/fr\/interdiction-de-se-baigner-sur-certaines-plages-de-la-cote-dazur-apres-les-tempetes\/\" \/>\n<meta property=\"og:site_name\" content=\"Riviera Edition\" \/>\n<meta property=\"article:publisher\" content=\"https:\/\/www.facebook.com\/rivieraedition\" \/>\n<meta property=\"article:published_time\" content=\"2026-08-21T08:28:49+00:00\" \/>\n<meta property=\"article:modified_time\" content=\"2026-08-26T12:15:02+00:00\" \/>\n<meta property=\"og:image\" content=\"https:\/\/www.rivieraedition.com\/wp-content\/uploads\/2026\/08\/swimming-beaches-riviera-prohibited.jpg\" \/>\n\t<meta property=\"og:image:width\" content=\"1200\" \/>\n\t<meta property=\"og:image:height\" content=\"630\" \/>\n\t<meta property=\"og:image:type\" content=\"image\/jpeg\" \/>\n<meta name=\"author\" content=\"Jenni Baxter\" \/>\n<meta name=\"twitter:card\" content=\"summary_large_image\" \/>\n<meta name=\"twitter:creator\" content=\"@travelerriviera\" \/>\n<meta name=\"twitter:site\" content=\"@travelerriviera\" \/>\n<meta name=\"twitter:label1\" content=\"\u00c9crit par\" \/>\n\t<meta name=\"twitter:data1\" content=\"Jenni Baxter\" \/>\n\t<meta name=\"twitter:label2\" content=\"Dur\u00e9e de lecture estim\u00e9e\" \/>\n\t<meta name=\"twitter:data2\" content=\"3 minutes\" \/>\n<script type=\"application\/ld+json\" class=\"yoast-schema-graph\">{\"@context\":\"https:\\\/\\\/schema.org\",\"@graph\":[{\"@type\":\"Article\",\"@id\":\"https:\\\/\\\/www.rivieraedition.com\\\/swimming-at-some-beaches-on-the-french-riviera-prohibited-after-storms\\\/#article\",\"isPartOf\":{\"@id\":\"https:\\\/\\\/www.rivieraedition.com\\\/swimming-at-some-beaches-on-the-french-riviera-prohibited-after-storms\\\/\"},\"author\":{\"name\":\"Jenni Baxter\",\"@id\":\"https:\\\/\\\/www.rivieraedition.com\\\/#\\\/schema\\\/person\\\/69e0c5f449d230121d5fd780f3b17f23\"},\"headline\":\"Swimming at Some Beaches on the French Riviera Prohibited After Storms\",\"datePublished\":\"2026-08-21T08:28:49+00:00\",\"dateModified\":\"2026-08-26T12:15:02+00:00\",\"mainEntityOfPage\":{\"@id\":\"https:\\\/\\\/www.rivieraedition.com\\\/swimming-at-some-beaches-on-the-french-riviera-prohibited-after-storms\\\/\"},\"wordCount\":508,\"commentCount\":0,\"publisher\":{\"@id\":\"https:\\\/\\\/www.rivieraedition.com\\\/#organization\"},\"image\":{\"@id\":\"https:\\\/\\\/www.rivieraedition.com\\\/swimming-at-some-beaches-on-the-french-riviera-prohibited-after-storms\\\/#primaryimage\"},\"thumbnailUrl\":\"https:\\\/\\\/www.rivieraedition.com\\\/wp-content\\\/uploads\\\/2026\\\/08\\\/swimming-beaches-riviera-prohibited.jpg\",\"keywords\":[\"Beaches\",\"Rain\",\"storms\"],\"articleSection\":[\"Featured\",\"News\"],\"inLanguage\":\"fr-FR\",\"potentialAction\":[{\"@type\":\"CommentAction\",\"name\":\"Comment\",\"target\":[\"https:\\\/\\\/www.rivieraedition.com\\\/swimming-at-some-beaches-on-the-french-riviera-prohibited-after-storms\\\/#respond\"]}],\"copyrightYear\":\"2026\",\"copyrightHolder\":{\"@id\":\"https:\\\/\\\/www.rivieraedition.com\\\/fr\\\/#organization\"}},{\"@type\":\"WebPage\",\"@id\":\"https:\\\/\\\/www.rivieraedition.com\\\/swimming-at-some-beaches-on-the-french-riviera-prohibited-after-storms\\\/\",\"url\":\"https:\\\/\\\/www.rivieraedition.com\\\/swimming-at-some-beaches-on-the-french-riviera-prohibited-after-storms\\\/\",\"name\":\"Swimming at Some Beaches on the French Riviera Prohibited After Storms - Riviera Edition\",\"isPartOf\":{\"@id\":\"https:\\\/\\\/www.rivieraedition.com\\\/#website\"},\"primaryImageOfPage\":{\"@id\":\"https:\\\/\\\/www.rivieraedition.com\\\/swimming-at-some-beaches-on-the-french-riviera-prohibited-after-storms\\\/#primaryimage\"},\"image\":{\"@id\":\"https:\\\/\\\/www.rivieraedition.com\\\/swimming-at-some-beaches-on-the-french-riviera-prohibited-after-storms\\\/#primaryimage\"},\"thumbnailUrl\":\"https:\\\/\\\/www.rivieraedition.com\\\/wp-content\\\/uploads\\\/2026\\\/08\\\/swimming-beaches-riviera-prohibited.jpg\",\"datePublished\":\"2026-08-21T08:28:49+00:00\",\"dateModified\":\"2026-08-26T12:15:02+00:00\",\"breadcrumb\":{\"@id\":\"https:\\\/\\\/www.rivieraedition.com\\\/swimming-at-some-beaches-on-the-french-riviera-prohibited-after-storms\\\/#breadcrumb\"},\"inLanguage\":\"fr-FR\",\"potentialAction\":[{\"@type\":\"ReadAction\",\"target\":[\"https:\\\/\\\/www.rivieraedition.com\\\/swimming-at-some-beaches-on-the-french-riviera-prohibited-after-storms\\\/\"]}]},{\"@type\":\"ImageObject\",\"inLanguage\":\"fr-FR\",\"@id\":\"https:\\\/\\\/www.rivieraedition.com\\\/swimming-at-some-beaches-on-the-french-riviera-prohibited-after-storms\\\/#primaryimage\",\"url\":\"https:\\\/\\\/www.rivieraedition.com\\\/wp-content\\\/uploads\\\/2026\\\/08\\\/swimming-beaches-riviera-prohibited.jpg\",\"contentUrl\":\"https:\\\/\\\/www.rivieraedition.com\\\/wp-content\\\/uploads\\\/2026\\\/08\\\/swimming-beaches-riviera-prohibited.jpg\",\"width\":1200,\"height\":630,\"caption\":\"Photo: Riviera Edition\"},{\"@type\":\"BreadcrumbList\",\"@id\":\"https:\\\/\\\/www.rivieraedition.com\\\/swimming-at-some-beaches-on-the-french-riviera-prohibited-after-storms\\\/#breadcrumb\",\"itemListElement\":[{\"@type\":\"ListItem\",\"position\":1,\"name\":\"Home\",\"item\":\"https:\\\/\\\/www.rivieraedition.com\\\/\"},{\"@type\":\"ListItem\",\"position\":2,\"name\":\"Swimming at Some Beaches on the French Riviera Prohibited After Storms\"}]},{\"@type\":\"WebSite\",\"@id\":\"https:\\\/\\\/www.rivieraedition.com\\\/#website\",\"url\":\"https:\\\/\\\/www.rivieraedition.com\\\/\",\"name\":\"Riviera Edition\",\"description\":\"The best of the South of France\",\"publisher\":{\"@id\":\"https:\\\/\\\/www.rivieraedition.com\\\/#organization\"},\"potentialAction\":[{\"@type\":\"SearchAction\",\"target\":{\"@type\":\"EntryPoint\",\"urlTemplate\":\"https:\\\/\\\/www.rivieraedition.com\\\/?s={search_term_string}\"},\"query-input\":{\"@type\":\"PropertyValueSpecification\",\"valueRequired\":true,\"valueName\":\"search_term_string\"}}],\"inLanguage\":\"fr-FR\"},{\"@type\":\"Organization\",\"@id\":\"https:\\\/\\\/www.rivieraedition.com\\\/#organization\",\"name\":\"Riviera Edition\",\"url\":\"https:\\\/\\\/www.rivieraedition.com\\\/\",\"logo\":{\"@type\":\"ImageObject\",\"inLanguage\":\"fr-FR\",\"@id\":\"https:\\\/\\\/www.rivieraedition.com\\\/#\\\/schema\\\/logo\\\/image\\\/\",\"url\":\"https:\\\/\\\/www.rivieraedition.com\\\/wp-content\\\/uploads\\\/2024\\\/05\\\/IMG_0866.jpeg\",\"contentUrl\":\"https:\\\/\\\/www.rivieraedition.com\\\/wp-content\\\/uploads\\\/2024\\\/05\\\/IMG_0866.jpeg\",\"width\":354,\"height\":326,\"caption\":\"Riviera Edition\"},\"image\":{\"@id\":\"https:\\\/\\\/www.rivieraedition.com\\\/#\\\/schema\\\/logo\\\/image\\\/\"},\"sameAs\":[\"https:\\\/\\\/www.facebook.com\\\/rivieraedition\",\"https:\\\/\\\/x.com\\\/travelerriviera\",\"https:\\\/\\\/www.instagram.com\\\/rivieraedition\"]},{\"@type\":\"Person\",\"@id\":\"https:\\\/\\\/www.rivieraedition.com\\\/#\\\/schema\\\/person\\\/69e0c5f449d230121d5fd780f3b17f23\",\"name\":\"Jenni Baxter\",\"image\":{\"@type\":\"ImageObject\",\"inLanguage\":\"fr-FR\",\"@id\":\"https:\\\/\\\/secure.gravatar.com\\\/avatar\\\/481e435001db401da7778f1d534cb3112fe7fe59f2eccec25a69316509eb4bc0?s=96&d=mm&r=g\",\"url\":\"https:\\\/\\\/secure.gravatar.com\\\/avatar\\\/481e435001db401da7778f1d534cb3112fe7fe59f2eccec25a69316509eb4bc0?s=96&d=mm&r=g\",\"contentUrl\":\"https:\\\/\\\/secure.gravatar.com\\\/avatar\\\/481e435001db401da7778f1d534cb3112fe7fe59f2eccec25a69316509eb4bc0?s=96&d=mm&r=g\",\"caption\":\"Jenni Baxter\"},\"description\":\"Jenni is a co-founder and editor of Riviera Edition. She has been based in Antibes for over 10 years, and has been visiting the C\u00f4te d\u2019Azur since she was a student. As a celebrity journalist for international magazines, she has watched hundreds of movies at the Cannes Film Festival, interviewed stars at Hotel du Cap-Eden-Roc and watched the Monaco Grand Prix from all the key angles. Jenni has also lived in South Africa, London and Australia... and co-wrote The Expat Confessions. She is happiest paddle boarding on the Med with her 3 daughters, or sipping rooibos in the African bush. Contact jennibaxter@gmail.com\",\"sameAs\":[\"https:\\\/\\\/www.rivieraedition.com\"],\"url\":\"https:\\\/\\\/www.rivieraedition.com\\\/fr\\\/author\\\/wp-rivieraeditioncom\\\/\"}]}<\/script>\n<!-- \/ Yoast SEO Premium plugin. -->","yoast_head_json":{"title":"Interdiction de se baigner sur certaines plages de la C\u00f4te d'Azur apr\u00e8s les temp\u00eates \u2013 \u00c9dition Riviera","robots":{"index":"index","follow":"follow","max-snippet":"max-snippet:-1","max-image-preview":"max-image-preview:large","max-video-preview":"max-video-preview:-1"},"canonical":"https:\/\/www.rivieraedition.com\/fr\/interdiction-de-se-baigner-sur-certaines-plages-de-la-cote-dazur-apres-les-tempetes\/","og_locale":"fr_FR","og_type":"article","og_title":"Swimming at Some Beaches on the French Riviera Prohibited After Storms","og_description":"Following the storms in the past 24 hours which have ended the intense and prolonged heatwave, swimming is prohibited today, Friday 21 August 2026, until 08:00 on Saturday 22 August [&hellip;]","og_url":"https:\/\/www.rivieraedition.com\/fr\/interdiction-de-se-baigner-sur-certaines-plages-de-la-cote-dazur-apres-les-tempetes\/","og_site_name":"Riviera Edition","article_publisher":"https:\/\/www.facebook.com\/rivieraedition","article_published_time":"2026-08-21T08:28:49+00:00","article_modified_time":"2026-08-26T12:15:02+00:00","og_image":[{"width":1200,"height":630,"url":"https:\/\/www.rivieraedition.com\/wp-content\/uploads\/2026\/08\/swimming-beaches-riviera-prohibited.jpg","type":"image\/jpeg"}],"author":"Jenni Baxter","twitter_card":"summary_large_image","twitter_creator":"@travelerriviera","twitter_site":"@travelerriviera","twitter_misc":{"\u00c9crit par":"Jenni Baxter","Dur\u00e9e de lecture estim\u00e9e":"3 minutes"},"schema":{"@context":"https:\/\/schema.org","@graph":[{"@type":"Article","@id":"https:\/\/www.rivieraedition.com\/swimming-at-some-beaches-on-the-french-riviera-prohibited-after-storms\/#article","isPartOf":{"@id":"https:\/\/www.rivieraedition.com\/swimming-at-some-beaches-on-the-french-riviera-prohibited-after-storms\/"},"author":{"name":"Jenni Baxter","@id":"https:\/\/www.rivieraedition.com\/#\/schema\/person\/69e0c5f449d230121d5fd780f3b17f23"},"headline":"Swimming at Some Beaches on the French Riviera Prohibited After Storms","datePublished":"2026-08-21T08:28:49+00:00","dateModified":"2026-08-26T12:15:02+00:00","mainEntityOfPage":{"@id":"https:\/\/www.rivieraedition.com\/swimming-at-some-beaches-on-the-french-riviera-prohibited-after-storms\/"},"wordCount":508,"commentCount":0,"publisher":{"@id":"https:\/\/www.rivieraedition.com\/#organization"},"image":{"@id":"https:\/\/www.rivieraedition.com\/swimming-at-some-beaches-on-the-french-riviera-prohibited-after-storms\/#primaryimage"},"thumbnailUrl":"https:\/\/www.rivieraedition.com\/wp-content\/uploads\/2026\/08\/swimming-beaches-riviera-prohibited.jpg","keywords":["Beaches","Rain","storms"],"articleSection":["Featured","News"],"inLanguage":"fr-FR","potentialAction":[{"@type":"CommentAction","name":"Comment","target":["https:\/\/www.rivieraedition.com\/swimming-at-some-beaches-on-the-french-riviera-prohibited-after-storms\/#respond"]}],"copyrightYear":"2026","copyrightHolder":{"@id":"https:\/\/www.rivieraedition.com\/fr\/#organization"}},{"@type":"WebPage","@id":"https:\/\/www.rivieraedition.com\/swimming-at-some-beaches-on-the-french-riviera-prohibited-after-storms\/","url":"https:\/\/www.rivieraedition.com\/swimming-at-some-beaches-on-the-french-riviera-prohibited-after-storms\/","name":"Interdiction de se baigner sur certaines plages de la C\u00f4te d'Azur apr\u00e8s les temp\u00eates \u2013 \u00c9dition Riviera","isPartOf":{"@id":"https:\/\/www.rivieraedition.com\/#website"},"primaryImageOfPage":{"@id":"https:\/\/www.rivieraedition.com\/swimming-at-some-beaches-on-the-french-riviera-prohibited-after-storms\/#primaryimage"},"image":{"@id":"https:\/\/www.rivieraedition.com\/swimming-at-some-beaches-on-the-french-riviera-prohibited-after-storms\/#primaryimage"},"thumbnailUrl":"https:\/\/www.rivieraedition.com\/wp-content\/uploads\/2026\/08\/swimming-beaches-riviera-prohibited.jpg","datePublished":"2026-08-21T08:28:49+00:00","dateModified":"2026-08-26T12:15:02+00:00","breadcrumb":{"@id":"https:\/\/www.rivieraedition.com\/swimming-at-some-beaches-on-the-french-riviera-prohibited-after-storms\/#breadcrumb"},"inLanguage":"fr-FR","potentialAction":[{"@type":"ReadAction","target":["https:\/\/www.rivieraedition.com\/swimming-at-some-beaches-on-the-french-riviera-prohibited-after-storms\/"]}]},{"@type":"ImageObject","inLanguage":"fr-FR","@id":"https:\/\/www.rivieraedition.com\/swimming-at-some-beaches-on-the-french-riviera-prohibited-after-storms\/#primaryimage","url":"https:\/\/www.rivieraedition.com\/wp-content\/uploads\/2026\/08\/swimming-beaches-riviera-prohibited.jpg","contentUrl":"https:\/\/www.rivieraedition.com\/wp-content\/uploads\/2026\/08\/swimming-beaches-riviera-prohibited.jpg","width":1200,"height":630,"caption":"Photo: Riviera Edition"},{"@type":"BreadcrumbList","@id":"https:\/\/www.rivieraedition.com\/swimming-at-some-beaches-on-the-french-riviera-prohibited-after-storms\/#breadcrumb","itemListElement":[{"@type":"ListItem","position":1,"name":"Home","item":"https:\/\/www.rivieraedition.com\/"},{"@type":"ListItem","position":2,"name":"Swimming at Some Beaches on the French Riviera Prohibited After Storms"}]},{"@type":"WebSite","@id":"https:\/\/www.rivieraedition.com\/#website","url":"https:\/\/www.rivieraedition.com\/","name":"Riviera Edition","description":"Le meilleur du Sud de la France","publisher":{"@id":"https:\/\/www.rivieraedition.com\/#organization"},"potentialAction":[{"@type":"SearchAction","target":{"@type":"EntryPoint","urlTemplate":"https:\/\/www.rivieraedition.com\/?s={search_term_string}"},"query-input":{"@type":"PropertyValueSpecification","valueRequired":true,"valueName":"search_term_string"}}],"inLanguage":"fr-FR"},{"@type":"Organization","@id":"https:\/\/www.rivieraedition.com\/#organization","name":"Riviera Edition","url":"https:\/\/www.rivieraedition.com\/","logo":{"@type":"ImageObject","inLanguage":"fr-FR","@id":"https:\/\/www.rivieraedition.com\/#\/schema\/logo\/image\/","url":"https:\/\/www.rivieraedition.com\/wp-content\/uploads\/2024\/05\/IMG_0866.jpeg","contentUrl":"https:\/\/www.rivieraedition.com\/wp-content\/uploads\/2024\/05\/IMG_0866.jpeg","width":354,"height":326,"caption":"Riviera Edition"},"image":{"@id":"https:\/\/www.rivieraedition.com\/#\/schema\/logo\/image\/"},"sameAs":["https:\/\/www.facebook.com\/rivieraedition","https:\/\/x.com\/travelerriviera","https:\/\/www.instagram.com\/rivieraedition"]},{"@type":"Person","@id":"https:\/\/www.rivieraedition.com\/#\/schema\/person\/69e0c5f449d230121d5fd780f3b17f23","name":"Jenni Baxter","image":{"@type":"ImageObject","inLanguage":"fr-FR","@id":"https:\/\/secure.gravatar.com\/avatar\/481e435001db401da7778f1d534cb3112fe7fe59f2eccec25a69316509eb4bc0?s=96&d=mm&r=g","url":"https:\/\/secure.gravatar.com\/avatar\/481e435001db401da7778f1d534cb3112fe7fe59f2eccec25a69316509eb4bc0?s=96&d=mm&r=g","contentUrl":"https:\/\/secure.gravatar.com\/avatar\/481e435001db401da7778f1d534cb3112fe7fe59f2eccec25a69316509eb4bc0?s=96&d=mm&r=g","caption":"Jenni Baxter"},"description":"Jenni est cofondatrice et r\u00e9dactrice en chef de Riviera Edition. Elle vit \u00e0 Antibes depuis plus de 10 ans et visite la C\u00f4te d'Azur depuis qu'elle est \u00e9tudiante. En tant que journaliste people pour des magazines internationaux, elle a visionn\u00e9 des centaines de films au Festival de Cannes, interview\u00e9 des stars \u00e0 l'H\u00f4tel du Cap-Eden-Roc et suivi le Grand Prix de Monaco sous tous les angles. Jenni a \u00e9galement v\u00e9cu en Afrique du Sud, \u00e0 Londres et en Australie... et a co\u00e9crit The Expat Confessions. Elle est plus heureuse en faisant du paddle board sur la M\u00e9diterran\u00e9e avec ses trois filles, ou en sirotant du rooibos dans le bush africain. Contact : jennibaxter@gmail.com","sameAs":["https:\/\/www.rivieraedition.com"],"url":"https:\/\/www.rivieraedition.com\/fr\/author\/wp-rivieraeditioncom\/"}]}},"_links":{"self":[{"href":"https:\/\/www.rivieraedition.com\/fr\/wp-json\/wp\/v2\/posts\/23197","targetHints":{"allow":["GET"]}}],"collection":[{"href":"https:\/\/www.rivieraedition.com\/fr\/wp-json\/wp\/v2\/posts"}],"about":[{"href":"https:\/\/www.rivieraedition.com\/fr\/wp-json\/wp\/v2\/types\/post"}],"author":[{"embeddable":true,"href":"https:\/\/www.rivieraedition.com\/fr\/wp-json\/wp\/v2\/users\/1"}],"replies":[{"embeddable":true,"href":"https:\/\/www.rivieraedition.com\/fr\/wp-json\/wp\/v2\/comments?post=23197"}],"version-history":[{"count":15,"href":"https:\/\/www.rivieraedition.com\/fr\/wp-json\/wp\/v2\/posts\/23197\/revisions"}],"predecessor-version":[{"id":23377,"href":"https:\/\/www.rivieraedition.com\/fr\/wp-json\/wp\/v2\/posts\/23197\/revisions\/23377"}],"wp:featuredmedia":[{"embeddable":true,"href":"https:\/\/www.rivieraedition.com\/fr\/wp-json\/wp\/v2\/media\/23201"}],"wp:attachment":[{"href":"https:\/\/www.rivieraedition.com\/fr\/wp-json\/wp\/v2\/media?parent=23197"}],"wp:term":[{"taxonomy":"category","embeddable":true,"href":"https:\/\/www.rivieraedition.com\/fr\/wp-json\/wp\/v2\/categories?post=23197"},{"taxonomy":"post_tag","embeddable":true,"href":"https:\/\/www.rivieraedition.com\/fr\/wp-json\/wp\/v2\/tags?post=23197"}],"curies":[{"name":"wp","href":"https:\/\/api.w.org\/{rel}","templated":true}]}}